{"entity":{"iso2":null,"iso3":null,"name":"Alf\u00f6ld \u00e9s \u00c9szak","slug":"alfold-es-eszak"},"indicator":{"licence":"CC BY 4.0 (Eurostat)","slug":"youth-unemployment-rate-by-nuts-2-region","source":"Eurostat","source_url":"https://ec.europa.eu/eurostat/databrowser/view/yth_empl_110","title":"Youth unemployment rate by NUTS 2 region","unit":"Percentage"},"observations":[{"date":"1999-01-01","value":28.5},{"date":"2000-01-01","value":30.2},{"date":"2001-01-01","value":19.6},{"date":"2002-01-01","value":26.1},{"date":"2003-01-01","value":34.0},{"date":"2004-01-01","value":37.7},{"date":"2005-01-01","value":47.0},{"date":"2006-01-01","value":45.5},{"date":"2007-01-01","value":44.1},{"date":"2008-01-01","value":50.4},{"date":"2009-01-01","value":54.1},{"date":"2010-01-01","value":50.7},{"date":"2011-01-01","value":48.8},{"date":"2012-01-01","value":57.4},{"date":"2013-01-01","value":52.5},{"date":"2014-01-01","value":45.4},{"date":"2015-01-01","value":37.6},{"date":"2016-01-01","value":33.6},{"date":"2017-01-01","value":27.2},{"date":"2018-01-01","value":26.7},{"date":"2019-01-01","value":27.9},{"date":"2020-01-01","value":26.5},{"date":"2021-01-01","value":34.9},{"date":"2022-01-01","value":28.9},{"date":"2023-01-01","value":35.7},{"date":"2024-01-01","value":38.3},{"date":"2025-01-01","value":33.7}],"summary":{"latest_period":"2025-01-01","latest_value":33.7,"max":57.4,"mean":37.8889,"min":19.6,"of":341,"rank":100,"trend":"falling"}}
