{"entity":{"iso2":null,"iso3":null,"name":"Regi\u00e3o Aut\u00f3noma dos A\u00e7ores","slug":"regiao-autonoma-dos-acores"},"indicator":{"licence":"CC BY 4.0 (Eurostat)","slug":"unemployed-persons-by-educational-attainment-level-and-nuts-2-region","source":"Eurostat","source_url":"https://ec.europa.eu/eurostat/databrowser/view/lfst_r_lfu3pers","title":"Unemployed persons by educational attainment level and NUTS 2 region","unit":"Thousand persons"},"observations":[{"date":"2007-01-01","value":4.8},{"date":"2008-01-01","value":6.3},{"date":"2009-01-01","value":8.0},{"date":"2010-01-01","value":8.0},{"date":"2011-01-01","value":13.5},{"date":"2012-01-01","value":17.9},{"date":"2013-01-01","value":19.8},{"date":"2014-01-01","value":19.1},{"date":"2015-01-01","value":14.7},{"date":"2016-01-01","value":12.8},{"date":"2017-01-01","value":10.4},{"date":"2018-01-01","value":9.9},{"date":"2019-01-01","value":9.2},{"date":"2020-01-01","value":6.9},{"date":"2021-01-01","value":8.0},{"date":"2022-01-01","value":7.3},{"date":"2023-01-01","value":7.9},{"date":"2024-01-01","value":7.0},{"date":"2025-01-01","value":6.2}],"summary":{"latest_period":"2025-01-01","latest_value":6.2,"max":19.8,"mean":10.4053,"min":4.8,"of":436,"rank":427,"trend":"falling"}}
