{"entity":{"iso2":null,"iso3":null,"name":"Regi\u00e3o Aut\u00f3noma dos A\u00e7ores","slug":"regiao-autonoma-dos-acores"},"indicator":{"licence":"CC BY 4.0 (Eurostat)","slug":"labour-market-slack-by-nuts-2-region","source":"Eurostat","source_url":"https://ec.europa.eu/eurostat/databrowser/view/lfst_r_sla_ga","title":"Labour market slack by NUTS 2 region","unit":"Thousand persons"},"observations":[{"date":"2008-01-01","value":9.4},{"date":"2009-01-01","value":12.4},{"date":"2010-01-01","value":13.6},{"date":"2011-01-01","value":25.7},{"date":"2012-01-01","value":33.7},{"date":"2013-01-01","value":37.5},{"date":"2014-01-01","value":37.6},{"date":"2015-01-01","value":32.8},{"date":"2016-01-01","value":28.5},{"date":"2017-01-01","value":24.6},{"date":"2018-01-01","value":22.5},{"date":"2019-01-01","value":20.6},{"date":"2020-01-01","value":20.2},{"date":"2021-01-01","value":20.9},{"date":"2022-01-01","value":17.6},{"date":"2023-01-01","value":16.7},{"date":"2024-01-01","value":14.4},{"date":"2025-01-01","value":12.2}],"summary":{"latest_period":"2025-01-01","latest_value":12.2,"max":37.6,"mean":22.2722,"min":9.4,"of":431,"rank":425,"trend":"falling"}}
