{"entity":{"iso2":null,"iso3":null,"name":"Regi\u00e3o Aut\u00f3noma dos A\u00e7ores","slug":"regiao-autonoma-dos-acores"},"indicator":{"licence":"CC BY 4.0 (Eurostat)","slug":"job-vacancy-statistics-by-occupation-and-nuts-1-region-oja-breakdowns-annual-data","source":"Eurostat","source_url":"https://ec.europa.eu/eurostat/databrowser/view/jvs_a_isco3_r1","title":"Job vacancy statistics by occupation and NUTS 1 region (OJA breakdowns) - annual data \u2013 experimental statistics","unit":"Thousand"},"observations":[{"date":"2019-01-01","value":94.39},{"date":"2020-01-01","value":92.58},{"date":"2021-01-01","value":88.25},{"date":"2022-01-01","value":95.39},{"date":"2023-01-01","value":97.94},{"date":"2024-01-01","value":103.86}],"summary":{"latest_period":"2024-01-01","latest_value":103.86,"max":103.86,"mean":95.4017,"min":88.25,"of":42,"rank":42,"trend":"rising"}}
