{"entity":{"iso2":null,"iso3":null,"name":"Regi\u00e3o Aut\u00f3noma dos A\u00e7ores","slug":"regiao-autonoma-dos-acores"},"indicator":{"licence":"CC BY 4.0 (Eurostat)","slug":"employment-thousand-hours-worked-by-nuts-2-region","source":"Eurostat","source_url":"https://ec.europa.eu/eurostat/databrowser/view/nama_10r_2emhrw","title":"Employment (thousand hours worked) by NUTS 2 region","unit":"Thousand"},"observations":[{"date":"2000-01-01","value":196176.0},{"date":"2001-01-01","value":200318.0},{"date":"2002-01-01","value":205045.0},{"date":"2003-01-01","value":205512.0},{"date":"2004-01-01","value":209424.0},{"date":"2005-01-01","value":212599.0},{"date":"2006-01-01","value":214311.0},{"date":"2007-01-01","value":216686.0},{"date":"2008-01-01","value":218458.0},{"date":"2009-01-01","value":216170.0},{"date":"2010-01-01","value":212229.0},{"date":"2011-01-01","value":203578.0},{"date":"2012-01-01","value":189092.0},{"date":"2013-01-01","value":181703.0},{"date":"2014-01-01","value":186933.0},{"date":"2015-01-01","value":197968.0},{"date":"2016-01-01","value":199453.0},{"date":"2017-01-01","value":202929.0},{"date":"2018-01-01","value":205464.0},{"date":"2019-01-01","value":208739.0},{"date":"2020-01-01","value":195088.0},{"date":"2021-01-01","value":212166.0},{"date":"2022-01-01","value":215859.0},{"date":"2023-01-01","value":221880.0}],"summary":{"latest_period":"2023-01-01","latest_value":221880.0,"max":221880.0,"mean":205324.0,"min":181703.0,"of":313,"rank":298,"trend":"flat"}}
