{"entity":{"iso2":null,"iso3":null,"name":"St\u0159edn\u00ed \u010cechy","slug":"stredni-cechy"},"indicator":{"licence":"CC BY 4.0 (Eurostat)","slug":"employer-business-demography-by-size-class-and-nuts-3-region-2008-2019","source":"Eurostat","source_url":"https://ec.europa.eu/eurostat/databrowser/view/bd_esize_r3","title":"Employer business demography by size class and NUTS 3 region (2008-2019)","unit":null},"observations":[{"date":"2013-01-01","value":24312.0},{"date":"2014-01-01","value":22223.0},{"date":"2015-01-01","value":23872.0},{"date":"2016-01-01","value":23858.0},{"date":"2017-01-01","value":23585.0},{"date":"2018-01-01","value":23722.0},{"date":"2019-01-01","value":23676.0}],"summary":{"latest_period":"2019-01-01","latest_value":23676.0,"max":24312.0,"mean":23606.9,"min":22223.0,"of":846,"rank":248,"trend":"flat"}}
