{"entity":{"iso2":null,"iso3":null,"name":"\u0141om\u017cy\u0144ski","slug":"omzynski"},"indicator":{"licence":"CC BY 4.0 (Eurostat)","slug":"employer-business-demography-by-nace-rev-2-and-nuts-3-region-2008-2020","source":"Eurostat","source_url":"https://ec.europa.eu/eurostat/databrowser/view/bd_enace2_r3","title":"Employer business demography by NACE Rev. 2 and NUTS 3 region (2008-2020)","unit":null},"observations":[{"date":"2016-01-01","value":5165.0},{"date":"2017-01-01","value":5394.0},{"date":"2018-01-01","value":4965.0},{"date":"2019-01-01","value":5051.0},{"date":"2020-01-01","value":4966.0}],"summary":{"latest_period":"2020-01-01","latest_value":4966.0,"max":5394.0,"mean":5108.2,"min":4965.0,"of":947,"rank":743,"trend":"falling"}}
