{"entity":{"iso2":null,"iso3":null,"name":"Regi\u00e3o Aut\u00f3noma dos A\u00e7ores","slug":"regiao-autonoma-dos-acores"},"indicator":{"licence":"CC BY 4.0 (Eurostat)","slug":"employed-persons-in-technology-and-knowledge-intensive-sectors-by-nace-rev-1-1-activity","source":"Eurostat","source_url":"https://ec.europa.eu/eurostat/databrowser/view/htec_emp_reg","title":"Employed persons in technology and knowledge-intensive sectors by NACE Rev. 1.1 activity and NUTS 2 region (1999-2008)","unit":"Thousand persons"},"observations":[{"date":"1999-01-01","value":95.6},{"date":"2000-01-01","value":96.1},{"date":"2001-01-01","value":97.5},{"date":"2002-01-01","value":102.3},{"date":"2003-01-01","value":101.4},{"date":"2004-01-01","value":104.7},{"date":"2005-01-01","value":105.3},{"date":"2006-01-01","value":107.4},{"date":"2007-01-01","value":107.5},{"date":"2008-01-01","value":110.9}],"summary":{"latest_period":"2008-01-01","latest_value":110.9,"max":110.9,"mean":102.87,"min":95.6,"of":344,"rank":334,"trend":"rising"}}
