{"entity":{"iso2":null,"iso3":null,"name":"St\u0159edn\u00ed \u010cechy","slug":"stredni-cechy"},"indicator":{"licence":"CC BY 4.0 (Eurostat)","slug":"employed-persons-commuting-to-work-by-country-of-work-and-nuts-2-region","source":"Eurostat","source_url":"https://ec.europa.eu/eurostat/databrowser/view/lfst_r_lfe2ecomm","title":"Employed persons commuting to work by country of work and NUTS 2 region","unit":"Thousand persons"},"observations":[{"date":"2003-01-01","value":2.4},{"date":"2005-01-01","value":0.7},{"date":"2006-01-01","value":1.3},{"date":"2007-01-01","value":0.6},{"date":"2008-01-01","value":1.0},{"date":"2009-01-01","value":1.2},{"date":"2010-01-01","value":1.2},{"date":"2011-01-01","value":0.7},{"date":"2012-01-01","value":0.7},{"date":"2013-01-01","value":0.6},{"date":"2014-01-01","value":0.7},{"date":"2015-01-01","value":1.9},{"date":"2016-01-01","value":2.2},{"date":"2017-01-01","value":1.2},{"date":"2018-01-01","value":1.0},{"date":"2019-01-01","value":1.4},{"date":"2020-01-01","value":2.0},{"date":"2021-01-01","value":2.1},{"date":"2022-01-01","value":1.7},{"date":"2023-01-01","value":1.0},{"date":"2024-01-01","value":1.3}],"summary":{"latest_period":"2024-01-01","latest_value":1.3,"max":2.4,"mean":1.28095,"min":0.6,"of":259,"rank":254,"trend":"rising"}}
