{"entity":{"iso2":null,"iso3":null,"name":"A\u011fr\u0131, Kars, I\u011fd\u0131r, Ardahan","slug":"agr-kars-igd-r-ardahan"},"indicator":{"licence":"CC BY 4.0 (Eurostat)","slug":"cultural-employment-by-nuts-2-region","source":"Eurostat","source_url":"https://ec.europa.eu/eurostat/databrowser/view/cult_emp_reg","title":"Cultural employment by NUTS 2 region","unit":"Thousand persons"},"observations":[{"date":"2014-01-01","value":3.1},{"date":"2015-01-01","value":2.7},{"date":"2016-01-01","value":3.2},{"date":"2017-01-01","value":2.3},{"date":"2018-01-01","value":2.8},{"date":"2019-01-01","value":1.7},{"date":"2020-01-01","value":2.7},{"date":"2021-01-01","value":2.6},{"date":"2022-01-01","value":2.0},{"date":"2023-01-01","value":4.1},{"date":"2024-01-01","value":3.7}],"summary":{"latest_period":"2024-01-01","latest_value":3.7,"max":4.1,"mean":2.80909,"min":1.7,"of":375,"rank":365,"trend":"rising"}}
